{"id":1474,"date":"2018-11-17T09:41:22","date_gmt":"2018-11-17T08:41:22","guid":{"rendered":"http:\/\/www.jean-michel-ducasse.com\/boutique\/?p=1474"},"modified":"2018-11-17T09:42:05","modified_gmt":"2018-11-17T08:42:05","slug":"exposition-a-la-mediatheque-andre-labarrere-de-pau","status":"publish","type":"post","link":"https:\/\/www.jean-michel-ducasse.com\/boutique\/exposition-a-la-mediatheque-andre-labarrere-de-pau\/","title":{"rendered":"Exposition \u00e0 la m\u00e9diath\u00e8que  Andr\u00e9 Labarr\u00e8re de Pau"},"content":{"rendered":"<h2>Exposition \u00e0 la m\u00e9diath\u00e8que Andr\u00e9 Labarr\u00e8re de Pau<\/h2>\n<p>N\u00e9 en 1969, c&rsquo;est en voyageant que Jean-Michel Ducasse est tomb\u00e9 amoureux de la photographie. Au fil du temps et des exp\u00e9riences, il a consolid\u00e9 sa technique en paysages, portraits et architecture et s&rsquo;est orient\u00e9 depuis quelques ann\u00e9es vers la photographie industrielle et le corporate.\u00a0 L\u2019exposition \u00ab Brume et Graphite \u00bb pr\u00e9sent\u00e9e \u00e0 la M\u00e9diath\u00e8que A. Labarr\u00e8re \u00e0 Pau expose une facette plus personnelle de son travail. Lui qui aime tout autant la solitude des plateaux pyr\u00e9n\u00e9ens que le tumulte de l\u2019Oc\u00e9an y pr\u00e9sente une r\u00e9flexion sur la mati\u00e8re et la nature et, surtout, le regard que nous portons sur elle. Tour \u00e0 tour hostile ou chaleureuse, bienveillante ou rude, cette nature famili\u00e8re ou sauvage n\u2019est jamais \u00e0 cours de nous transporter dans les profondeurs de l\u2019\u00e2me. Car si l\u2019objectif fixe le col, le pic, le plateau, la goutte d\u2019eau ou la route embrum\u00e9e, il raconte surtout la rencontre avec soi-m\u00eame. L\u2019exercice artistique s\u2019av\u00e9rant alors un formidable outil de mise au point de notre rapport d\u2019humain avec les \u00e9l\u00e9ments qui nous entourent.<\/p>\n<p><span style=\"color: #808080;\"><em>Nathalie Faure<\/em><\/span><\/p>\n<p><strong>Expo photo Brume et Graphite par Jean-Michel Ducasse, \u00e0 la M\u00e9diath\u00e8que A. Labarr\u00e8re \u00e0 Pau, du 3 au 31 d\u00e9cembre 2018<\/strong>.<\/p>\n<p>Entr\u00e9e libre.<\/p>\n<p>&nbsp;<\/p>\n<p><img loading=\"lazy\" decoding=\"async\" class=\"aligncenter size-large wp-image-1475\" src=\"http:\/\/www.jean-michel-ducasse.com\/boutique\/wp-content\/uploads\/2018\/11\/afficheA3Brume-copie-724x1024.jpg\" alt=\"\" width=\"724\" height=\"1024\" srcset=\"https:\/\/www.jean-michel-ducasse.com\/boutique\/wp-content\/uploads\/2018\/11\/afficheA3Brume-copie-724x1024.jpg 724w, https:\/\/www.jean-michel-ducasse.com\/boutique\/wp-content\/uploads\/2018\/11\/afficheA3Brume-copie-416x588.jpg 416w, https:\/\/www.jean-michel-ducasse.com\/boutique\/wp-content\/uploads\/2018\/11\/afficheA3Brume-copie-212x300.jpg 212w, https:\/\/www.jean-michel-ducasse.com\/boutique\/wp-content\/uploads\/2018\/11\/afficheA3Brume-copie-768x1086.jpg 768w, https:\/\/www.jean-michel-ducasse.com\/boutique\/wp-content\/uploads\/2018\/11\/afficheA3Brume-copie-1280x1810.jpg 1280w, https:\/\/www.jean-michel-ducasse.com\/boutique\/wp-content\/uploads\/2018\/11\/afficheA3Brume-copie-300x424.jpg 300w, https:\/\/www.jean-michel-ducasse.com\/boutique\/wp-content\/uploads\/2018\/11\/afficheA3Brume-copie-600x848.jpg 600w, https:\/\/www.jean-michel-ducasse.com\/boutique\/wp-content\/uploads\/2018\/11\/afficheA3Brume-copie.jpg 1500w\" sizes=\"auto, (max-width: 724px) 100vw, 724px\" \/><\/p>\n<p>&nbsp;<\/p>\n<p>&nbsp;<\/p>\n<p><img loading=\"lazy\" decoding=\"async\" class=\"aligncenter size-large wp-image-1476\" src=\"http:\/\/www.jean-michel-ducasse.com\/boutique\/wp-content\/uploads\/2018\/11\/afficheA3Graphite-copie-724x1024.jpg\" alt=\"\" width=\"724\" height=\"1024\" srcset=\"https:\/\/www.jean-michel-ducasse.com\/boutique\/wp-content\/uploads\/2018\/11\/afficheA3Graphite-copie-724x1024.jpg 724w, https:\/\/www.jean-michel-ducasse.com\/boutique\/wp-content\/uploads\/2018\/11\/afficheA3Graphite-copie-416x588.jpg 416w, https:\/\/www.jean-michel-ducasse.com\/boutique\/wp-content\/uploads\/2018\/11\/afficheA3Graphite-copie-212x300.jpg 212w, https:\/\/www.jean-michel-ducasse.com\/boutique\/wp-content\/uploads\/2018\/11\/afficheA3Graphite-copie-768x1086.jpg 768w, https:\/\/www.jean-michel-ducasse.com\/boutique\/wp-content\/uploads\/2018\/11\/afficheA3Graphite-copie-1280x1810.jpg 1280w, https:\/\/www.jean-michel-ducasse.com\/boutique\/wp-content\/uploads\/2018\/11\/afficheA3Graphite-copie-300x424.jpg 300w, https:\/\/www.jean-michel-ducasse.com\/boutique\/wp-content\/uploads\/2018\/11\/afficheA3Graphite-copie-600x848.jpg 600w, https:\/\/www.jean-michel-ducasse.com\/boutique\/wp-content\/uploads\/2018\/11\/afficheA3Graphite-copie.jpg 1500w\" sizes=\"auto, (max-width: 724px) 100vw, 724px\" \/><\/p>\n","protected":false},"excerpt":{"rendered":"<p>Exposition \u00e0 la m\u00e9diath\u00e8que Andr\u00e9 Labarr\u00e8re de Pau N\u00e9 en 1969, c&rsquo;est en voyageant que Jean-Michel Ducasse est tomb\u00e9 amoureux de la photographie. Au fil du temps et des exp\u00e9riences, il a consolid\u00e9 sa technique en paysages, portraits et architecture et s&rsquo;est orient\u00e9 depuis quelques ann\u00e9es vers la photographie industrielle et le corporate.\u00a0 L\u2019exposition \u00ab [&hellip;]<\/p>\n","protected":false},"author":1,"featured_media":1475,"comment_status":"open","ping_status":"open","sticky":false,"template":"","format":"standard","meta":{"_acf_changed":false,"footnotes":""},"categories":[197,1,209,64],"tags":[],"class_list":["post-1474","post","type-post","status-publish","format-standard","has-post-thumbnail","hentry","category-brume","category-expositions","category-graphite","category-photographie"],"acf":[],"_links":{"self":[{"href":"https:\/\/www.jean-michel-ducasse.com\/boutique\/wp-json\/wp\/v2\/posts\/1474","targetHints":{"allow":["GET"]}}],"collection":[{"href":"https:\/\/www.jean-michel-ducasse.com\/boutique\/wp-json\/wp\/v2\/posts"}],"about":[{"href":"https:\/\/www.jean-michel-ducasse.com\/boutique\/wp-json\/wp\/v2\/types\/post"}],"author":[{"embeddable":true,"href":"https:\/\/www.jean-michel-ducasse.com\/boutique\/wp-json\/wp\/v2\/users\/1"}],"replies":[{"embeddable":true,"href":"https:\/\/www.jean-michel-ducasse.com\/boutique\/wp-json\/wp\/v2\/comments?post=1474"}],"version-history":[{"count":1,"href":"https:\/\/www.jean-michel-ducasse.com\/boutique\/wp-json\/wp\/v2\/posts\/1474\/revisions"}],"predecessor-version":[{"id":1477,"href":"https:\/\/www.jean-michel-ducasse.com\/boutique\/wp-json\/wp\/v2\/posts\/1474\/revisions\/1477"}],"wp:featuredmedia":[{"embeddable":true,"href":"https:\/\/www.jean-michel-ducasse.com\/boutique\/wp-json\/wp\/v2\/media\/1475"}],"wp:attachment":[{"href":"https:\/\/www.jean-michel-ducasse.com\/boutique\/wp-json\/wp\/v2\/media?parent=1474"}],"wp:term":[{"taxonomy":"category","embeddable":true,"href":"https:\/\/www.jean-michel-ducasse.com\/boutique\/wp-json\/wp\/v2\/categories?post=1474"},{"taxonomy":"post_tag","embeddable":true,"href":"https:\/\/www.jean-michel-ducasse.com\/boutique\/wp-json\/wp\/v2\/tags?post=1474"}],"curies":[{"name":"wp","href":"https:\/\/api.w.org\/{rel}","templated":true}]}}